{"id":9825,"date":"2022-07-17T09:55:37","date_gmt":"2022-07-17T09:55:37","guid":{"rendered":"http:\/\/falsterbohorseshow614.e.wpstage.net\/?p=9825"},"modified":"2022-07-17T09:55:37","modified_gmt":"2022-07-17T09:55:37","slug":"kaninhoppning-varldens-basta-ryttare-gor-upp-i-tuff-parduell-pa-internationella-hopparenan-kl-12-45","status":"publish","type":"post","link":"https:\/\/falsterbohorseshow.se\/en\/kaninhoppning-varldens-basta-ryttare-gor-upp-i-tuff-parduell-pa-internationella-hopparenan-kl-12-45\/","title":{"rendered":"Kaninhoppning: V\u00e4rldens b\u00e4sta ryttare g\u00f6r upp i tuff parduell p\u00e5 Internationella Hopparenan kl 12.45"},"content":{"rendered":"<p>Vilket par vinner n\u00e4r v\u00e4rldens b\u00e4sta ryttare g\u00f6r upp? Henrik von Eckermannn, V\u00e4rldstv\u00e5, utmanar tillsammans med Jannika Sprunger V\u00e4rldstrean Peder Fredricson och Lisen Bratt Fredricson i en tuff kaninhoppningsduell.<\/p>\n<p><img decoding=\"async\" class=\"alignnone size-medium wp-image-9826 lazyload\" data-src=\"http:\/\/falsterbohorseshow.se\/\/wp-content\/uploads\/2022\/07\/Kaninhoppningen-Falsterbo-Horseshow-2022-225x300.png\" alt=\"\" width=\"225\" height=\"300\" data-srcset=\"https:\/\/falsterbohorseshow.se\/wp-content\/uploads\/2022\/07\/Kaninhoppningen-Falsterbo-Horseshow-2022-225x300.png 225w, https:\/\/falsterbohorseshow.se\/wp-content\/uploads\/2022\/07\/Kaninhoppningen-Falsterbo-Horseshow-2022-768x1024.png 768w, https:\/\/falsterbohorseshow.se\/wp-content\/uploads\/2022\/07\/Kaninhoppningen-Falsterbo-Horseshow-2022-100x133.png 100w, https:\/\/falsterbohorseshow.se\/wp-content\/uploads\/2022\/07\/Kaninhoppningen-Falsterbo-Horseshow-2022-200x267.png 200w, https:\/\/falsterbohorseshow.se\/wp-content\/uploads\/2022\/07\/Kaninhoppningen-Falsterbo-Horseshow-2022.png 1080w\" data-sizes=\"(max-width: 225px) 100vw, 225px\" src=\"data:image\/svg+xml;base64,PHN2ZyB3aWR0aD0iMSIgaGVpZ2h0PSIxIiB4bWxucz0iaHR0cDovL3d3dy53My5vcmcvMjAwMC9zdmciPjwvc3ZnPg==\" style=\"--smush-placeholder-width: 225px; --smush-placeholder-aspect-ratio: 225\/300;\" \/><\/p>\n","protected":false},"excerpt":{"rendered":"<p>Vilket par vinner n\u00e4r v\u00e4rldens b\u00e4sta ryttare g\u00f6r upp? Henrik von Eckermannn, V\u00e4rldstv\u00e5, utmanar tillsammans med Jannika Sprunger V\u00e4rldstrean Peder Fredricson och Lisen Bratt Fredricson i en tuff kaninhoppningsduell.<\/p>\n","protected":false},"author":7,"featured_media":0,"comment_status":"open","ping_status":"open","sticky":false,"template":"","format":"standard","meta":{"_acf_changed":false,"footnotes":""},"categories":[1],"tags":[],"class_list":["post-9825","post","type-post","status-publish","format-standard","hentry","category-uncategorized"],"acf":[],"yoast_head":"<!-- This site is optimized with the Yoast SEO plugin v26.3 - https:\/\/yoast.com\/wordpress\/plugins\/seo\/ -->\n<title>Kaninhoppning: V\u00e4rldens b\u00e4sta ryttare g\u00f6r upp i tuff parduell p\u00e5 Internationella Hopparenan kl 12.45 - Falsterbo Horse Show<\/title>\n<meta name=\"robots\" content=\"index, follow, max-snippet:-1, max-image-preview:large, max-video-preview:-1\" \/>\n<link rel=\"canonical\" href=\"https:\/\/falsterbohorseshow.se\/en\/kaninhoppning-varldens-basta-ryttare-gor-upp-i-tuff-parduell-pa-internationella-hopparenan-kl-12-45\/\" \/>\n<meta property=\"og:locale\" content=\"en_US\" \/>\n<meta property=\"og:type\" content=\"article\" \/>\n<meta property=\"og:title\" content=\"Kaninhoppning: V\u00e4rldens b\u00e4sta ryttare g\u00f6r upp i tuff parduell p\u00e5 Internationella Hopparenan kl 12.45 - Falsterbo Horse Show\" \/>\n<meta property=\"og:description\" content=\"Vilket par vinner n\u00e4r v\u00e4rldens b\u00e4sta ryttare g\u00f6r upp? Henrik von Eckermannn, V\u00e4rldstv\u00e5, utmanar tillsammans med Jannika Sprunger V\u00e4rldstrean Peder Fredricson och Lisen Bratt Fredricson i en tuff kaninhoppningsduell.\" \/>\n<meta property=\"og:url\" content=\"https:\/\/falsterbohorseshow.se\/en\/kaninhoppning-varldens-basta-ryttare-gor-upp-i-tuff-parduell-pa-internationella-hopparenan-kl-12-45\/\" \/>\n<meta property=\"og:site_name\" content=\"Falsterbo Horse Show\" \/>\n<meta property=\"article:published_time\" content=\"2022-07-17T09:55:37+00:00\" \/>\n<meta property=\"og:image\" content=\"http:\/\/falsterbohorseshow.se\/\/wp-content\/uploads\/2022\/07\/Kaninhoppningen-Falsterbo-Horseshow-2022-225x300.png\" \/>\n<meta name=\"author\" content=\"Josefin Wahlberg\" \/>\n<meta name=\"twitter:card\" content=\"summary_large_image\" \/>\n<meta name=\"twitter:label1\" content=\"Written by\" \/>\n\t<meta name=\"twitter:data1\" content=\"Josefin Wahlberg\" \/>\n<script type=\"application\/ld+json\" class=\"yoast-schema-graph\">{\"@context\":\"https:\/\/schema.org\",\"@graph\":[{\"@type\":\"Article\",\"@id\":\"https:\/\/falsterbohorseshow.se\/en\/kaninhoppning-varldens-basta-ryttare-gor-upp-i-tuff-parduell-pa-internationella-hopparenan-kl-12-45\/#article\",\"isPartOf\":{\"@id\":\"https:\/\/falsterbohorseshow.se\/en\/kaninhoppning-varldens-basta-ryttare-gor-upp-i-tuff-parduell-pa-internationella-hopparenan-kl-12-45\/\"},\"author\":{\"name\":\"Josefin Wahlberg\",\"@id\":\"https:\/\/falsterbohorseshow.se\/#\/schema\/person\/3dddb880252b12c86d38cf047ff34980\"},\"headline\":\"Kaninhoppning: V\u00e4rldens b\u00e4sta ryttare g\u00f6r upp i tuff parduell p\u00e5 Internationella Hopparenan kl 12.45\",\"datePublished\":\"2022-07-17T09:55:37+00:00\",\"mainEntityOfPage\":{\"@id\":\"https:\/\/falsterbohorseshow.se\/en\/kaninhoppning-varldens-basta-ryttare-gor-upp-i-tuff-parduell-pa-internationella-hopparenan-kl-12-45\/\"},\"wordCount\":51,\"commentCount\":0,\"publisher\":{\"@id\":\"https:\/\/falsterbohorseshow.se\/#organization\"},\"image\":{\"@id\":\"https:\/\/falsterbohorseshow.se\/en\/kaninhoppning-varldens-basta-ryttare-gor-upp-i-tuff-parduell-pa-internationella-hopparenan-kl-12-45\/#primaryimage\"},\"thumbnailUrl\":\"http:\/\/falsterbohorseshow.se\/\/wp-content\/uploads\/2022\/07\/Kaninhoppningen-Falsterbo-Horseshow-2022-225x300.png\",\"inLanguage\":\"en-US\",\"potentialAction\":[{\"@type\":\"CommentAction\",\"name\":\"Comment\",\"target\":[\"https:\/\/falsterbohorseshow.se\/en\/kaninhoppning-varldens-basta-ryttare-gor-upp-i-tuff-parduell-pa-internationella-hopparenan-kl-12-45\/#respond\"]}]},{\"@type\":\"WebPage\",\"@id\":\"https:\/\/falsterbohorseshow.se\/en\/kaninhoppning-varldens-basta-ryttare-gor-upp-i-tuff-parduell-pa-internationella-hopparenan-kl-12-45\/\",\"url\":\"https:\/\/falsterbohorseshow.se\/en\/kaninhoppning-varldens-basta-ryttare-gor-upp-i-tuff-parduell-pa-internationella-hopparenan-kl-12-45\/\",\"name\":\"Kaninhoppning: V\u00e4rldens b\u00e4sta ryttare g\u00f6r upp i tuff parduell p\u00e5 Internationella Hopparenan kl 12.45 - Falsterbo Horse Show\",\"isPartOf\":{\"@id\":\"https:\/\/falsterbohorseshow.se\/#website\"},\"primaryImageOfPage\":{\"@id\":\"https:\/\/falsterbohorseshow.se\/en\/kaninhoppning-varldens-basta-ryttare-gor-upp-i-tuff-parduell-pa-internationella-hopparenan-kl-12-45\/#primaryimage\"},\"image\":{\"@id\":\"https:\/\/falsterbohorseshow.se\/en\/kaninhoppning-varldens-basta-ryttare-gor-upp-i-tuff-parduell-pa-internationella-hopparenan-kl-12-45\/#primaryimage\"},\"thumbnailUrl\":\"http:\/\/falsterbohorseshow.se\/\/wp-content\/uploads\/2022\/07\/Kaninhoppningen-Falsterbo-Horseshow-2022-225x300.png\",\"datePublished\":\"2022-07-17T09:55:37+00:00\",\"breadcrumb\":{\"@id\":\"https:\/\/falsterbohorseshow.se\/en\/kaninhoppning-varldens-basta-ryttare-gor-upp-i-tuff-parduell-pa-internationella-hopparenan-kl-12-45\/#breadcrumb\"},\"inLanguage\":\"en-US\",\"potentialAction\":[{\"@type\":\"ReadAction\",\"target\":[\"https:\/\/falsterbohorseshow.se\/en\/kaninhoppning-varldens-basta-ryttare-gor-upp-i-tuff-parduell-pa-internationella-hopparenan-kl-12-45\/\"]}]},{\"@type\":\"ImageObject\",\"inLanguage\":\"en-US\",\"@id\":\"https:\/\/falsterbohorseshow.se\/en\/kaninhoppning-varldens-basta-ryttare-gor-upp-i-tuff-parduell-pa-internationella-hopparenan-kl-12-45\/#primaryimage\",\"url\":\"http:\/\/falsterbohorseshow.se\/\/wp-content\/uploads\/2022\/07\/Kaninhoppningen-Falsterbo-Horseshow-2022-225x300.png\",\"contentUrl\":\"http:\/\/falsterbohorseshow.se\/\/wp-content\/uploads\/2022\/07\/Kaninhoppningen-Falsterbo-Horseshow-2022-225x300.png\"},{\"@type\":\"BreadcrumbList\",\"@id\":\"https:\/\/falsterbohorseshow.se\/en\/kaninhoppning-varldens-basta-ryttare-gor-upp-i-tuff-parduell-pa-internationella-hopparenan-kl-12-45\/#breadcrumb\",\"itemListElement\":[{\"@type\":\"ListItem\",\"position\":1,\"name\":\"Home\",\"item\":\"https:\/\/falsterbohorseshow.se\/en\/\"},{\"@type\":\"ListItem\",\"position\":2,\"name\":\"Kaninhoppning: V\u00e4rldens b\u00e4sta ryttare g\u00f6r upp i tuff parduell p\u00e5 Internationella Hopparenan kl 12.45\"}]},{\"@type\":\"WebSite\",\"@id\":\"https:\/\/falsterbohorseshow.se\/#website\",\"url\":\"https:\/\/falsterbohorseshow.se\/\",\"name\":\"Falsterbo Horse Show\",\"description\":\"As much Horse as Show\",\"publisher\":{\"@id\":\"https:\/\/falsterbohorseshow.se\/#organization\"},\"potentialAction\":[{\"@type\":\"SearchAction\",\"target\":{\"@type\":\"EntryPoint\",\"urlTemplate\":\"https:\/\/falsterbohorseshow.se\/?s={search_term_string}\"},\"query-input\":{\"@type\":\"PropertyValueSpecification\",\"valueRequired\":true,\"valueName\":\"search_term_string\"}}],\"inLanguage\":\"en-US\"},{\"@type\":\"Organization\",\"@id\":\"https:\/\/falsterbohorseshow.se\/#organization\",\"name\":\"Falsterbo Horse Show\",\"url\":\"https:\/\/falsterbohorseshow.se\/\",\"logo\":{\"@type\":\"ImageObject\",\"inLanguage\":\"en-US\",\"@id\":\"https:\/\/falsterbohorseshow.se\/#\/schema\/logo\/image\/\",\"url\":\"https:\/\/falsterbohorseshow.se\/wp-content\/uploads\/2023\/03\/Logo-till-hemsida.png\",\"contentUrl\":\"https:\/\/falsterbohorseshow.se\/wp-content\/uploads\/2023\/03\/Logo-till-hemsida.png\",\"width\":1336,\"height\":1337,\"caption\":\"Falsterbo Horse Show\"},\"image\":{\"@id\":\"https:\/\/falsterbohorseshow.se\/#\/schema\/logo\/image\/\"}},{\"@type\":\"Person\",\"@id\":\"https:\/\/falsterbohorseshow.se\/#\/schema\/person\/3dddb880252b12c86d38cf047ff34980\",\"name\":\"Josefin Wahlberg\",\"image\":{\"@type\":\"ImageObject\",\"inLanguage\":\"en-US\",\"@id\":\"https:\/\/falsterbohorseshow.se\/#\/schema\/person\/image\/\",\"url\":\"https:\/\/falsterbohorseshow.se\/wp-content\/litespeed\/avatar\/02dac5b86e3e6bc522609f0c6eb896fc.jpg?ver=1777441001\",\"contentUrl\":\"https:\/\/falsterbohorseshow.se\/wp-content\/litespeed\/avatar\/02dac5b86e3e6bc522609f0c6eb896fc.jpg?ver=1777441001\",\"caption\":\"Josefin Wahlberg\"},\"sameAs\":[\"http:\/\/www.falsterbohorseshow.com\"],\"url\":\"https:\/\/falsterbohorseshow.se\/en\/author\/press\/\"}]}<\/script>\n<!-- \/ Yoast SEO plugin. -->","yoast_head_json":{"title":"Kaninhoppning: V\u00e4rldens b\u00e4sta ryttare g\u00f6r upp i tuff parduell p\u00e5 Internationella Hopparenan kl 12.45 - Falsterbo Horse Show","robots":{"index":"index","follow":"follow","max-snippet":"max-snippet:-1","max-image-preview":"max-image-preview:large","max-video-preview":"max-video-preview:-1"},"canonical":"https:\/\/falsterbohorseshow.se\/en\/kaninhoppning-varldens-basta-ryttare-gor-upp-i-tuff-parduell-pa-internationella-hopparenan-kl-12-45\/","og_locale":"en_US","og_type":"article","og_title":"Kaninhoppning: V\u00e4rldens b\u00e4sta ryttare g\u00f6r upp i tuff parduell p\u00e5 Internationella Hopparenan kl 12.45 - Falsterbo Horse Show","og_description":"Vilket par vinner n\u00e4r v\u00e4rldens b\u00e4sta ryttare g\u00f6r upp? Henrik von Eckermannn, V\u00e4rldstv\u00e5, utmanar tillsammans med Jannika Sprunger V\u00e4rldstrean Peder Fredricson och Lisen Bratt Fredricson i en tuff kaninhoppningsduell.","og_url":"https:\/\/falsterbohorseshow.se\/en\/kaninhoppning-varldens-basta-ryttare-gor-upp-i-tuff-parduell-pa-internationella-hopparenan-kl-12-45\/","og_site_name":"Falsterbo Horse Show","article_published_time":"2022-07-17T09:55:37+00:00","og_image":[{"url":"http:\/\/falsterbohorseshow.se\/\/wp-content\/uploads\/2022\/07\/Kaninhoppningen-Falsterbo-Horseshow-2022-225x300.png","type":"","width":"","height":""}],"author":"Josefin Wahlberg","twitter_card":"summary_large_image","twitter_misc":{"Written by":"Josefin Wahlberg"},"schema":{"@context":"https:\/\/schema.org","@graph":[{"@type":"Article","@id":"https:\/\/falsterbohorseshow.se\/en\/kaninhoppning-varldens-basta-ryttare-gor-upp-i-tuff-parduell-pa-internationella-hopparenan-kl-12-45\/#article","isPartOf":{"@id":"https:\/\/falsterbohorseshow.se\/en\/kaninhoppning-varldens-basta-ryttare-gor-upp-i-tuff-parduell-pa-internationella-hopparenan-kl-12-45\/"},"author":{"name":"Josefin Wahlberg","@id":"https:\/\/falsterbohorseshow.se\/#\/schema\/person\/3dddb880252b12c86d38cf047ff34980"},"headline":"Kaninhoppning: V\u00e4rldens b\u00e4sta ryttare g\u00f6r upp i tuff parduell p\u00e5 Internationella Hopparenan kl 12.45","datePublished":"2022-07-17T09:55:37+00:00","mainEntityOfPage":{"@id":"https:\/\/falsterbohorseshow.se\/en\/kaninhoppning-varldens-basta-ryttare-gor-upp-i-tuff-parduell-pa-internationella-hopparenan-kl-12-45\/"},"wordCount":51,"commentCount":0,"publisher":{"@id":"https:\/\/falsterbohorseshow.se\/#organization"},"image":{"@id":"https:\/\/falsterbohorseshow.se\/en\/kaninhoppning-varldens-basta-ryttare-gor-upp-i-tuff-parduell-pa-internationella-hopparenan-kl-12-45\/#primaryimage"},"thumbnailUrl":"http:\/\/falsterbohorseshow.se\/\/wp-content\/uploads\/2022\/07\/Kaninhoppningen-Falsterbo-Horseshow-2022-225x300.png","inLanguage":"en-US","potentialAction":[{"@type":"CommentAction","name":"Comment","target":["https:\/\/falsterbohorseshow.se\/en\/kaninhoppning-varldens-basta-ryttare-gor-upp-i-tuff-parduell-pa-internationella-hopparenan-kl-12-45\/#respond"]}]},{"@type":"WebPage","@id":"https:\/\/falsterbohorseshow.se\/en\/kaninhoppning-varldens-basta-ryttare-gor-upp-i-tuff-parduell-pa-internationella-hopparenan-kl-12-45\/","url":"https:\/\/falsterbohorseshow.se\/en\/kaninhoppning-varldens-basta-ryttare-gor-upp-i-tuff-parduell-pa-internationella-hopparenan-kl-12-45\/","name":"Kaninhoppning: V\u00e4rldens b\u00e4sta ryttare g\u00f6r upp i tuff parduell p\u00e5 Internationella Hopparenan kl 12.45 - Falsterbo Horse Show","isPartOf":{"@id":"https:\/\/falsterbohorseshow.se\/#website"},"primaryImageOfPage":{"@id":"https:\/\/falsterbohorseshow.se\/en\/kaninhoppning-varldens-basta-ryttare-gor-upp-i-tuff-parduell-pa-internationella-hopparenan-kl-12-45\/#primaryimage"},"image":{"@id":"https:\/\/falsterbohorseshow.se\/en\/kaninhoppning-varldens-basta-ryttare-gor-upp-i-tuff-parduell-pa-internationella-hopparenan-kl-12-45\/#primaryimage"},"thumbnailUrl":"http:\/\/falsterbohorseshow.se\/\/wp-content\/uploads\/2022\/07\/Kaninhoppningen-Falsterbo-Horseshow-2022-225x300.png","datePublished":"2022-07-17T09:55:37+00:00","breadcrumb":{"@id":"https:\/\/falsterbohorseshow.se\/en\/kaninhoppning-varldens-basta-ryttare-gor-upp-i-tuff-parduell-pa-internationella-hopparenan-kl-12-45\/#breadcrumb"},"inLanguage":"en-US","potentialAction":[{"@type":"ReadAction","target":["https:\/\/falsterbohorseshow.se\/en\/kaninhoppning-varldens-basta-ryttare-gor-upp-i-tuff-parduell-pa-internationella-hopparenan-kl-12-45\/"]}]},{"@type":"ImageObject","inLanguage":"en-US","@id":"https:\/\/falsterbohorseshow.se\/en\/kaninhoppning-varldens-basta-ryttare-gor-upp-i-tuff-parduell-pa-internationella-hopparenan-kl-12-45\/#primaryimage","url":"http:\/\/falsterbohorseshow.se\/\/wp-content\/uploads\/2022\/07\/Kaninhoppningen-Falsterbo-Horseshow-2022-225x300.png","contentUrl":"http:\/\/falsterbohorseshow.se\/\/wp-content\/uploads\/2022\/07\/Kaninhoppningen-Falsterbo-Horseshow-2022-225x300.png"},{"@type":"BreadcrumbList","@id":"https:\/\/falsterbohorseshow.se\/en\/kaninhoppning-varldens-basta-ryttare-gor-upp-i-tuff-parduell-pa-internationella-hopparenan-kl-12-45\/#breadcrumb","itemListElement":[{"@type":"ListItem","position":1,"name":"Home","item":"https:\/\/falsterbohorseshow.se\/en\/"},{"@type":"ListItem","position":2,"name":"Kaninhoppning: V\u00e4rldens b\u00e4sta ryttare g\u00f6r upp i tuff parduell p\u00e5 Internationella Hopparenan kl 12.45"}]},{"@type":"WebSite","@id":"https:\/\/falsterbohorseshow.se\/#website","url":"https:\/\/falsterbohorseshow.se\/","name":"Falsterbo Horse Show","description":"As much Horse as Show","publisher":{"@id":"https:\/\/falsterbohorseshow.se\/#organization"},"potentialAction":[{"@type":"SearchAction","target":{"@type":"EntryPoint","urlTemplate":"https:\/\/falsterbohorseshow.se\/?s={search_term_string}"},"query-input":{"@type":"PropertyValueSpecification","valueRequired":true,"valueName":"search_term_string"}}],"inLanguage":"en-US"},{"@type":"Organization","@id":"https:\/\/falsterbohorseshow.se\/#organization","name":"Falsterbo Horse Show","url":"https:\/\/falsterbohorseshow.se\/","logo":{"@type":"ImageObject","inLanguage":"en-US","@id":"https:\/\/falsterbohorseshow.se\/#\/schema\/logo\/image\/","url":"https:\/\/falsterbohorseshow.se\/wp-content\/uploads\/2023\/03\/Logo-till-hemsida.png","contentUrl":"https:\/\/falsterbohorseshow.se\/wp-content\/uploads\/2023\/03\/Logo-till-hemsida.png","width":1336,"height":1337,"caption":"Falsterbo Horse Show"},"image":{"@id":"https:\/\/falsterbohorseshow.se\/#\/schema\/logo\/image\/"}},{"@type":"Person","@id":"https:\/\/falsterbohorseshow.se\/#\/schema\/person\/3dddb880252b12c86d38cf047ff34980","name":"Josefin Wahlberg","image":{"@type":"ImageObject","inLanguage":"en-US","@id":"https:\/\/falsterbohorseshow.se\/#\/schema\/person\/image\/","url":"https:\/\/falsterbohorseshow.se\/wp-content\/litespeed\/avatar\/02dac5b86e3e6bc522609f0c6eb896fc.jpg?ver=1777441001","contentUrl":"https:\/\/falsterbohorseshow.se\/wp-content\/litespeed\/avatar\/02dac5b86e3e6bc522609f0c6eb896fc.jpg?ver=1777441001","caption":"Josefin Wahlberg"},"sameAs":["http:\/\/www.falsterbohorseshow.com"],"url":"https:\/\/falsterbohorseshow.se\/en\/author\/press\/"}]}},"_links":{"self":[{"href":"https:\/\/falsterbohorseshow.se\/en\/wp-json\/wp\/v2\/posts\/9825","targetHints":{"allow":["GET"]}}],"collection":[{"href":"https:\/\/falsterbohorseshow.se\/en\/wp-json\/wp\/v2\/posts"}],"about":[{"href":"https:\/\/falsterbohorseshow.se\/en\/wp-json\/wp\/v2\/types\/post"}],"author":[{"embeddable":true,"href":"https:\/\/falsterbohorseshow.se\/en\/wp-json\/wp\/v2\/users\/7"}],"replies":[{"embeddable":true,"href":"https:\/\/falsterbohorseshow.se\/en\/wp-json\/wp\/v2\/comments?post=9825"}],"version-history":[{"count":1,"href":"https:\/\/falsterbohorseshow.se\/en\/wp-json\/wp\/v2\/posts\/9825\/revisions"}],"predecessor-version":[{"id":9828,"href":"https:\/\/falsterbohorseshow.se\/en\/wp-json\/wp\/v2\/posts\/9825\/revisions\/9828"}],"wp:attachment":[{"href":"https:\/\/falsterbohorseshow.se\/en\/wp-json\/wp\/v2\/media?parent=9825"}],"wp:term":[{"taxonomy":"category","embeddable":true,"href":"https:\/\/falsterbohorseshow.se\/en\/wp-json\/wp\/v2\/categories?post=9825"},{"taxonomy":"post_tag","embeddable":true,"href":"https:\/\/falsterbohorseshow.se\/en\/wp-json\/wp\/v2\/tags?post=9825"}],"curies":[{"name":"wp","href":"https:\/\/api.w.org\/{rel}","templated":true}]}}